{"id":75936,"date":"2026-03-08T20:30:05","date_gmt":"2026-03-08T19:30:05","guid":{"rendered":"https:\/\/granpremiomuelasdelpan.clubciclistacadalsa.es\/?p=75936"},"modified":"2026-03-10T10:57:20","modified_gmt":"2026-03-10T09:57:20","slug":"martin-solhaug-hansen-culmina-con-victoria-el-espectaculo-vivido-en-muelas-del-pan","status":"publish","type":"post","link":"https:\/\/granpremiomuelasdelpan.clubciclistacadalsa.es\/index.php\/2026\/03\/08\/martin-solhaug-hansen-culmina-con-victoria-el-espectaculo-vivido-en-muelas-del-pan\/","title":{"rendered":"Martin Solhaug Hansen (Cortizo) culmina con victoria el II Gran Premio Muelas del Pan &#8211; Caja Rural &#8211; Diputaci\u00f3n de Zamora"},"content":{"rendered":"\n<p><strong>El corredor del Equipo Cortizo se escap\u00f3 del pelot\u00f3n seleccionado en la \u00faltima subida a Villalcampo junto con Danil Kazakov (Technosylva Rower Bembibre) y Gabriel Iba\u00f1ez (Smartlog Nest) y logr\u00f3 ser el m\u00e1s fuerte de los tres en la llegada al esprint. El noruego engrandece el palmar\u00e9s de un. Gran Premio Muelas del Pan &#8211; Caja Rural &#8211; Diputaci\u00f3n de Zamora que celebr\u00f3 con \u00e9xito su segunda edici\u00f3n.<\/strong><\/p>\n\n\n\n<p><strong>Los mejores corredores \u00e9lite y sub-23 a nivel nacional se han dado cita en el Gran Premio Muelas del Pan este domingo 8 de marzo.<\/strong>&nbsp;La prueba organizada por el Club Ciclista Cadalsa buscaba sucesor a&nbsp;<a href=\"https:\/\/granpremiomuelasdelpan.clubciclistacadalsa.es\/index.php\/2025\/03\/19\/pedri-crause-conquista-el-gran-premio-muelas-del-pan-caja-rural-diputacion-de-zamora\/\" target=\"_blank\" rel=\"noreferrer noopener\">Pedri Crause (ganador en 2025)<\/a>, y Martin Solhaug Hansen (Equipo Cortizo) se alz\u00f3 como el corredor m\u00e1s potente y con mayor empuje sobre un recorrido en el que la localidad de Muelas del Pan aument\u00f3 el peso en el desenlace de la carrera, con varios pasos previos a la meta y un final explosivo en subida. M\u00e1s de 160 kil\u00f3metros repletos de mucho espect\u00e1culo que engrandecieron la historia de una de las carreras m\u00e1s longevas del calendario nacional. El p\u00f3dium lo completaron <strong>Daniil Kazakov (Technosylva Rower Bembibre), segundo, y Gabriel Iba\u00f1ez (Smartlog Nest), tercero.<\/strong><\/p>\n\n\n\n<p>La prueba dio el pistoletazo de salida desde la Plaza de La Marina en la capital zamorana, junto a la sede de Caja Rural Zamora. A partir de ah\u00ed, se recorrieron un total&nbsp;de <strong>165 kil\u00f3metros visitando las diferentes localidades de la provincia de Zamora, con novedades notables con respecto al recorrido del a\u00f1o pasado, especialmente en su primera mitad.<\/strong>&nbsp;Eso s\u00ed, despu\u00e9s de una jornada de gran control por parte del pelot\u00f3n, el tramo definitivo con el enlazado m\u00edtico a Villadepera y Villalcampo fue el juez de la prueba, dejando la emoci\u00f3n final en el esprint reducido sobre el muro de Muelas del Pan.<\/p>\n\n\n\n<p>La jornada se desarroll\u00f3 desde los primeros compases de carrera con un pelot\u00f3n activo, al igual que precavido. Los ataques se sucedieron durante todo el trazado, pero el grupo principal redujo a cenizas cada uno de los demarrajes. Daba igual que saltaran uno, dos, tres o diez, todos terminaban con el mismo final, eran cazados. El punto de inflexi\u00f3n lleg\u00f3 con el movimiento de <strong>V\u00edctor Garc\u00eda (El Bicho &#8211; Plataforma Central Iberum) y Mario Fern\u00e1ndez (Torres &#8211; Sobato) <\/strong>a 55 kil\u00f3metros de la l\u00ednea de meta.<\/p>\n\n\n\n<figure class=\"wp-block-embed is-type-rich is-provider-twitter wp-block-embed-twitter\"><div class=\"wp-block-embed__wrapper\">\n<blockquote class=\"twitter-tweet\" data-width=\"550\" data-dnt=\"true\"><p lang=\"es\" dir=\"ltr\">\ud83d\udc4f\ud83c\udffb\u00a1Enhorabuena campe\u00f3n!<br><br>\ud83c\udfc6!Mart\u00edn Solhaug Hansen <a href=\"https:\/\/twitter.com\/ccpadrones?ref_src=twsrc%5Etfw\">@ccpadrones<\/a> se ha proclamado ganador de la prueba ciclista zamorana tras imponerse en un sprint final reducido.<a href=\"https:\/\/twitter.com\/hashtag\/GPMuelasdelPan26?src=hash&amp;ref_src=twsrc%5Etfw\">#GPMuelasdelPan26<\/a> <a href=\"https:\/\/t.co\/TszdqLktCS\">pic.twitter.com\/TszdqLktCS<\/a><\/p>&mdash; GP Muelas del Pan &#8211; Caja Rural &#8211; Diputaci\u00f3n Zamora (@CCCadalsa) <a href=\"https:\/\/twitter.com\/CCCadalsa\/status\/2030693536744534429?ref_src=twsrc%5Etfw\">March 8, 2026<\/a><\/blockquote><script async src=\"https:\/\/platform.twitter.com\/widgets.js\" charset=\"utf-8\"><\/script>\n<\/div><\/figure>\n\n\n\n<p>Su ataque provoc\u00f3 una reacci\u00f3n en cadena y, tras unirse corredores de dos grupo de persecuci\u00f3n, se conform\u00f3 un pelot\u00f3n de alrededor 20 unidades. Rodaron en cabeza de carrera durante la ascensi\u00f3n a Villadepera, sin embargo, en el alto de monta\u00f1a de Villalcampo, a menos de diez kil\u00f3metros para meta, entr\u00f3 en escena el integrante del Equipo Cortizo, Martin Solhaug Hansen. Con fuerzas de luchador, sac\u00f3 garra y determinaci\u00f3n para atacar e ir en busca de la victoria. <strong>Daniil Kazakov (Technosylva Rowe Bembibre) y Gabriel Ibanez (Smartlog Nest) <\/strong>saltaron a su rueda y se escaparon los tres del grupo principal. Ya en los metros finales, el noruego, una vez m\u00e1s, fue valiente y aceler\u00f3 para levantar los brazos en Muelas del Pan con autoridad.<\/p>\n\n\n\n<p>Aparte del ganador y de los dos corredores que completaron el p\u00f3dium, tambi\u00e9n fueron premiados <strong>Marc Dols<\/strong> (Illes Balears &#8211; Arabay) como el rey de la monta\u00f1a y de las metas volantes, <strong>Asier Pablo Gonz\u00e1lez<\/strong> (Odl Team Lasal &#8211; Cocinas), como mejor castellanoleon\u00e9s, y la formaci\u00f3n <strong>Smartlog Nest<\/strong>, como mejor equipo.<\/p>\n\n\n\n<figure class=\"wp-block-image size-large\"><img fetchpriority=\"high\" decoding=\"async\" width=\"1024\" height=\"683\" src=\"https:\/\/granpremiomuelasdelpan.clubciclistacadalsa.es\/wp-content\/uploads\/2026\/03\/GPMuelas26_3107-1024x683.jpg\" alt=\"\" class=\"wp-image-75952\" srcset=\"https:\/\/granpremiomuelasdelpan.clubciclistacadalsa.es\/wp-content\/uploads\/2026\/03\/GPMuelas26_3107-1024x683.jpg 1024w, https:\/\/granpremiomuelasdelpan.clubciclistacadalsa.es\/wp-content\/uploads\/2026\/03\/GPMuelas26_3107-300x200.jpg 300w, https:\/\/granpremiomuelasdelpan.clubciclistacadalsa.es\/wp-content\/uploads\/2026\/03\/GPMuelas26_3107-768x512.jpg 768w, https:\/\/granpremiomuelasdelpan.clubciclistacadalsa.es\/wp-content\/uploads\/2026\/03\/GPMuelas26_3107-1536x1024.jpg 1536w, https:\/\/granpremiomuelasdelpan.clubciclistacadalsa.es\/wp-content\/uploads\/2026\/03\/GPMuelas26_3107-2048x1365.jpg 2048w, https:\/\/granpremiomuelasdelpan.clubciclistacadalsa.es\/wp-content\/uploads\/2026\/03\/GPMuelas26_3107-200x133.jpg 200w, https:\/\/granpremiomuelasdelpan.clubciclistacadalsa.es\/wp-content\/uploads\/2026\/03\/GPMuelas26_3107-1568x1045.jpg 1568w\" sizes=\"(max-width: 1024px) 100vw, 1024px\" \/><\/figure>\n\n\n\n<p>Los cuatro actores principales de esta competici\u00f3n,&nbsp;<strong>el Ayuntamiento de Muelas del Pan, la entidad bancaria Caja Rural de Zamora, la Diputaci\u00f3n de Zamora y el veh\u00edculo oficial de la carrera, Mercedes \u2013 Benz Adarsa Zamora, han impulsado con su apoyo y colaboraci\u00f3n <\/strong>la disputa de la prueba que lleva sus nombres por todas las carreteras de la provincia y a\u00fapa a los grandes corredores de la categor\u00eda \u00e9lite y sub-23.<\/p>\n","protected":false},"excerpt":{"rendered":"<p>El corredor del Equipo Cortizo se escap\u00f3 del pelot\u00f3n seleccionado en la \u00faltima subida a Villalcampo junto con Danil Kazakov (Technosylva Rower Bembibre) y Gabriel Iba\u00f1ez (Smartlog Nest) y logr\u00f3 ser el m\u00e1s fuerte de los tres en la llegada al esprint. El noruego engrandece el palmar\u00e9s de un. Gran Premio Muelas del Pan &#8211; [&hellip;]<\/p>\n","protected":false},"author":2,"featured_media":75937,"comment_status":"open","ping_status":"open","sticky":false,"template":"","format":"standard","meta":{"footnotes":""},"categories":[92],"tags":[],"class_list":["post-75936","post","type-post","status-publish","format-standard","has-post-thumbnail","hentry","category-edicion-2026"],"_links":{"self":[{"href":"https:\/\/granpremiomuelasdelpan.clubciclistacadalsa.es\/index.php\/wp-json\/wp\/v2\/posts\/75936","targetHints":{"allow":["GET"]}}],"collection":[{"href":"https:\/\/granpremiomuelasdelpan.clubciclistacadalsa.es\/index.php\/wp-json\/wp\/v2\/posts"}],"about":[{"href":"https:\/\/granpremiomuelasdelpan.clubciclistacadalsa.es\/index.php\/wp-json\/wp\/v2\/types\/post"}],"author":[{"embeddable":true,"href":"https:\/\/granpremiomuelasdelpan.clubciclistacadalsa.es\/index.php\/wp-json\/wp\/v2\/users\/2"}],"replies":[{"embeddable":true,"href":"https:\/\/granpremiomuelasdelpan.clubciclistacadalsa.es\/index.php\/wp-json\/wp\/v2\/comments?post=75936"}],"version-history":[{"count":6,"href":"https:\/\/granpremiomuelasdelpan.clubciclistacadalsa.es\/index.php\/wp-json\/wp\/v2\/posts\/75936\/revisions"}],"predecessor-version":[{"id":75953,"href":"https:\/\/granpremiomuelasdelpan.clubciclistacadalsa.es\/index.php\/wp-json\/wp\/v2\/posts\/75936\/revisions\/75953"}],"wp:featuredmedia":[{"embeddable":true,"href":"https:\/\/granpremiomuelasdelpan.clubciclistacadalsa.es\/index.php\/wp-json\/wp\/v2\/media\/75937"}],"wp:attachment":[{"href":"https:\/\/granpremiomuelasdelpan.clubciclistacadalsa.es\/index.php\/wp-json\/wp\/v2\/media?parent=75936"}],"wp:term":[{"taxonomy":"category","embeddable":true,"href":"https:\/\/granpremiomuelasdelpan.clubciclistacadalsa.es\/index.php\/wp-json\/wp\/v2\/categories?post=75936"},{"taxonomy":"post_tag","embeddable":true,"href":"https:\/\/granpremiomuelasdelpan.clubciclistacadalsa.es\/index.php\/wp-json\/wp\/v2\/tags?post=75936"}],"curies":[{"name":"wp","href":"https:\/\/api.w.org\/{rel}","templated":true}]}}